{"id":3546,"date":"2026-01-16T13:22:01","date_gmt":"2026-01-16T16:22:01","guid":{"rendered":"https:\/\/www.municipios.gov.py\/cambyreta\/?p=3546"},"modified":"2026-01-16T13:22:01","modified_gmt":"2026-01-16T16:22:01","slug":"el-intendente-municipal-recorrio-obras-del-centro-de-primera-infancia-en-cambyreta","status":"publish","type":"post","link":"https:\/\/www.municipios.gov.py\/cambyreta\/2026\/01\/16\/el-intendente-municipal-recorrio-obras-del-centro-de-primera-infancia-en-cambyreta\/","title":{"rendered":"El Intendente Municipal recorri\u00f3 obras del Centro de Primera Infancia en Cambyret\u00e1"},"content":{"rendered":"<div class=\"x14z9mp xat24cr x1lziwak x1vvkbs xtlvy1s x126k92a\">\n<div dir=\"auto\">El Intendente Municipal, Lic. Jaime Hinterleitner, junto al Ministro de la Ni\u00f1ez y Adolescencia, Abg. Walter Emilio Guti\u00e9rrez, el Viceministro Abg. Juan Marcelo Fern\u00e1ndez; el concejal departamental, Abg. Diego Cabral; los concejales municipales, N\u00e9stor Valenzuela y Gladys Gonz\u00e1lez; as\u00ed como funcionarios de la Entidad Binacional Yacyret\u00e1, realizaron un recorrido por las obras de construcci\u00f3n del Centro de Atenci\u00f3n a la Primera Infancia, en el marco del programa <span class=\"html-span xdj266r x14z9mp xat24cr x1lziwak xexx8yu xyri2b x18d9i69 x1c1uobl x1hl2dhg x16tdsg8 x1vvkbs\"><a class=\"x1i10hfl xjbqb8w x1ejq31n x18oe1m7 x1sy0etr xstzfhl x972fbf x10w94by x1qhh985 x14e42zd x9f619 x1ypdohk xt0psk2 x3ct3a4 xdj266r x14z9mp xat24cr x1lziwak xexx8yu xyri2b x18d9i69 x1c1uobl x16tdsg8 x1hl2dhg xggy1nq x1a2a7pz xkrqix3 x1sur9pj x1fey0fg x1s688f\" tabindex=\"0\" role=\"link\" href=\"https:\/\/www.facebook.com\/hashtag\/semillasdelfuturo?__eep__=6&amp;__cft__[0]=AZaIXhQY_ocy9zrZSscAh8Nuc4Y8i0QQ9COH-uVF7jtcOa6PLniw_raOp7whDk0JJpcL3Iaj4Y53Satt1gGAL9OAY--dmApCR0Hgo3lOWtNcCb0nKA0U5gLmPUEIrufu4VoHfGu39DmWquIMlE81pL_ndpfwQAm3o-EA44kMcdJ4nmwzYH4fCo3PpYMY1EvJV7Y&amp;__tn__=*NK-R\">#SemillasDelFuturo<\/a><\/span>.<\/div>\n<div dir=\"auto\"><\/div>\n<\/div>\n<div class=\"x14z9mp xat24cr x1lziwak x1vvkbs xtlvy1s x126k92a\">\n<div dir=\"auto\">Durante la visita, las autoridades constataron que los trabajos avanzan conforme al cronograma establecido. Este Centro Modelo permitir\u00e1 brindar atenci\u00f3n integral a ni\u00f1as y ni\u00f1os de Cambyret\u00e1, fortaleciendo el acompa\u00f1amiento a las familias y apostando al desarrollo pleno de la primera infancia.<\/div>\n<\/div>\n","protected":false},"excerpt":{"rendered":"<p>El Intendente Municipal, Lic. Jaime Hinterleitner, junto al Ministro de la Ni\u00f1ez y Adolescencia, Abg. Walter Emilio Guti\u00e9rrez, el Viceministro Abg. Juan Marcelo Fern\u00e1ndez; el concejal departamental, Abg. Diego Cabral; los concejales municipales, N\u00e9stor Valenzuela y Gladys Gonz\u00e1lez; as\u00ed como funcionarios de la Entidad Binacional Yacyret\u00e1, realizaron un recorrido por las obras de construcci\u00f3n &#8230; <\/p>\n<p class=\"read-more-container\"><a title=\"El Intendente Municipal recorri\u00f3 obras del Centro de Primera Infancia en Cambyret\u00e1\" class=\"read-more button\" href=\"https:\/\/www.municipios.gov.py\/cambyreta\/2026\/01\/16\/el-intendente-municipal-recorrio-obras-del-centro-de-primera-infancia-en-cambyreta\/#more-3546\" aria-label=\"Leer m\u00e1s sobre El Intendente Municipal recorri\u00f3 obras del Centro de Primera Infancia en Cambyret\u00e1\">Leer M\u00e1s&#8230;<\/a><\/p>\n","protected":false},"author":245,"featured_media":3555,"comment_status":"closed","ping_status":"closed","sticky":false,"template":"","format":"standard","meta":{"jetpack_post_was_ever_published":false,"footnotes":""},"categories":[1],"tags":[],"class_list":["post-3546","post","type-post","status-publish","format-standard","has-post-thumbnail","hentry","category-sin-categoria","resize-featured-image"],"jetpack_featured_media_url":"https:\/\/www.municipios.gov.py\/cambyreta\/wp-content\/uploads\/sites\/219\/2026\/01\/607535907_18188117374355035_2205912615129462656_n.jpg","jetpack_sharing_enabled":true,"jetpack_shortlink":"https:\/\/wp.me\/p7H3N6-Vc","_links":{"self":[{"href":"https:\/\/www.municipios.gov.py\/cambyreta\/wp-json\/wp\/v2\/posts\/3546","targetHints":{"allow":["GET"]}}],"collection":[{"href":"https:\/\/www.municipios.gov.py\/cambyreta\/wp-json\/wp\/v2\/posts"}],"about":[{"href":"https:\/\/www.municipios.gov.py\/cambyreta\/wp-json\/wp\/v2\/types\/post"}],"author":[{"embeddable":true,"href":"https:\/\/www.municipios.gov.py\/cambyreta\/wp-json\/wp\/v2\/users\/245"}],"replies":[{"embeddable":true,"href":"https:\/\/www.municipios.gov.py\/cambyreta\/wp-json\/wp\/v2\/comments?post=3546"}],"version-history":[{"count":1,"href":"https:\/\/www.municipios.gov.py\/cambyreta\/wp-json\/wp\/v2\/posts\/3546\/revisions"}],"predecessor-version":[{"id":3557,"href":"https:\/\/www.municipios.gov.py\/cambyreta\/wp-json\/wp\/v2\/posts\/3546\/revisions\/3557"}],"wp:featuredmedia":[{"embeddable":true,"href":"https:\/\/www.municipios.gov.py\/cambyreta\/wp-json\/wp\/v2\/media\/3555"}],"wp:attachment":[{"href":"https:\/\/www.municipios.gov.py\/cambyreta\/wp-json\/wp\/v2\/media?parent=3546"}],"wp:term":[{"taxonomy":"category","embeddable":true,"href":"https:\/\/www.municipios.gov.py\/cambyreta\/wp-json\/wp\/v2\/categories?post=3546"},{"taxonomy":"post_tag","embeddable":true,"href":"https:\/\/www.municipios.gov.py\/cambyreta\/wp-json\/wp\/v2\/tags?post=3546"}],"curies":[{"name":"wp","href":"https:\/\/api.w.org\/{rel}","templated":true}]}}