{"id":1194,"date":"2023-07-24T10:05:25","date_gmt":"2023-07-24T14:05:25","guid":{"rendered":"https:\/\/www.municipios.gov.py\/cambyreta\/?p=1194"},"modified":"2023-07-24T10:05:25","modified_gmt":"2023-07-24T14:05:25","slug":"eligen-a-la-comision-directiva-de-la-asociacion-de-municipios-del-area-metropolitana-de-encarnacion","status":"publish","type":"post","link":"https:\/\/www.municipios.gov.py\/cambyreta\/2023\/07\/24\/eligen-a-la-comision-directiva-de-la-asociacion-de-municipios-del-area-metropolitana-de-encarnacion\/","title":{"rendered":"Eligen a la Comisi\u00f3n Directiva de la Asociaci\u00f3n de Municipios del \u00c1rea Metropolitana de Encarnaci\u00f3n"},"content":{"rendered":"<div class=\"x11i5rnm xat24cr x1mh8g0r x1vvkbs xtlvy1s x126k92a\">\n<div dir=\"auto\">Con \u00e9xito culmin\u00f3 el proceso de estudio y correcci\u00f3n del estatuto que regir\u00e1 en la Asociaci\u00f3n de Municipios del \u00c1rea Metropolitana de Encarnaci\u00f3n. El Intendente Municipal Christian Matoza particip\u00f3 del encuentro que tuvo como anfitri\u00f3n al Intendente Municipal de Carmen del Paran\u00e1, Germ\u00e1n Gneiting.<\/div>\n<\/div>\n<div class=\"x11i5rnm xat24cr x1mh8g0r x1vvkbs xtlvy1s x126k92a\">\n<div dir=\"auto\">Igualmente, tras una reuni\u00f3n entre los intendentes municipales, fue conformada de forma transitoria la Comisi\u00f3n Directiva del nuevo organismo regional.<\/div>\n<\/div>\n<div class=\"x11i5rnm xat24cr x1mh8g0r x1vvkbs xtlvy1s x126k92a\">\n<div dir=\"auto\"><\/div>\n<div dir=\"auto\">La Comisi\u00f3n Directiva de la Asociaci\u00f3n de Municipios del \u00c1rea Metropolitana de Encarnaci\u00f3n qued\u00f3 conformada de la siguiente manera:<\/div>\n<\/div>\n<div class=\"x11i5rnm xat24cr x1mh8g0r x1vvkbs xtlvy1s x126k92a\">\n<div dir=\"auto\">Presidente: Luis Yd (Intendente de Encarnaci\u00f3n)<\/div>\n<div dir=\"auto\">Vicepresidente: Christian Matoza (Intendente de Cambyret\u00e1)<\/div>\n<div dir=\"auto\">Secretario: Germ\u00e1n Gneiting ( Intendente de Carmen del Paran\u00e1)<\/div>\n<div dir=\"auto\">Miembros: Luciano Becker (Intendente Capit\u00e1n Miranda), Aldo Lepretti ( Intendente de San Juan del Paran\u00e1) y Carlos Tkachik (Intendente de Fram).<\/div>\n<div dir=\"auto\"><img loading=\"lazy\" decoding=\"async\" class=\"alignnone size-medium wp-image-1195\" src=\"https:\/\/www.municipios.gov.py\/cambyreta\/wp-content\/uploads\/sites\/219\/2023\/07\/362233116_223870340622806_4724213643514257901_n-300x200.jpg\" alt=\"\" width=\"300\" height=\"200\" srcset=\"https:\/\/www.municipios.gov.py\/cambyreta\/wp-content\/uploads\/sites\/219\/2023\/07\/362233116_223870340622806_4724213643514257901_n-300x200.jpg 300w, https:\/\/www.municipios.gov.py\/cambyreta\/wp-content\/uploads\/sites\/219\/2023\/07\/362233116_223870340622806_4724213643514257901_n-1024x682.jpg 1024w, https:\/\/www.municipios.gov.py\/cambyreta\/wp-content\/uploads\/sites\/219\/2023\/07\/362233116_223870340622806_4724213643514257901_n-768x512.jpg 768w, https:\/\/www.municipios.gov.py\/cambyreta\/wp-content\/uploads\/sites\/219\/2023\/07\/362233116_223870340622806_4724213643514257901_n.jpg 1280w\" sizes=\"auto, (max-width: 300px) 100vw, 300px\" \/> <img loading=\"lazy\" decoding=\"async\" class=\"alignnone size-medium wp-image-1196\" src=\"https:\/\/www.municipios.gov.py\/cambyreta\/wp-content\/uploads\/sites\/219\/2023\/07\/362247152_223870047289502_4642628354658128102_n-300x200.jpg\" alt=\"\" width=\"300\" height=\"200\" srcset=\"https:\/\/www.municipios.gov.py\/cambyreta\/wp-content\/uploads\/sites\/219\/2023\/07\/362247152_223870047289502_4642628354658128102_n-300x200.jpg 300w, https:\/\/www.municipios.gov.py\/cambyreta\/wp-content\/uploads\/sites\/219\/2023\/07\/362247152_223870047289502_4642628354658128102_n-1024x682.jpg 1024w, https:\/\/www.municipios.gov.py\/cambyreta\/wp-content\/uploads\/sites\/219\/2023\/07\/362247152_223870047289502_4642628354658128102_n-768x512.jpg 768w, https:\/\/www.municipios.gov.py\/cambyreta\/wp-content\/uploads\/sites\/219\/2023\/07\/362247152_223870047289502_4642628354658128102_n.jpg 1280w\" sizes=\"auto, (max-width: 300px) 100vw, 300px\" \/> <img loading=\"lazy\" decoding=\"async\" class=\"alignnone size-medium wp-image-1197\" src=\"https:\/\/www.municipios.gov.py\/cambyreta\/wp-content\/uploads\/sites\/219\/2023\/07\/362253466_223870023956171_4759539207818128255_n-300x200.jpg\" alt=\"\" width=\"300\" height=\"200\" srcset=\"https:\/\/www.municipios.gov.py\/cambyreta\/wp-content\/uploads\/sites\/219\/2023\/07\/362253466_223870023956171_4759539207818128255_n-300x200.jpg 300w, https:\/\/www.municipios.gov.py\/cambyreta\/wp-content\/uploads\/sites\/219\/2023\/07\/362253466_223870023956171_4759539207818128255_n-1024x682.jpg 1024w, https:\/\/www.municipios.gov.py\/cambyreta\/wp-content\/uploads\/sites\/219\/2023\/07\/362253466_223870023956171_4759539207818128255_n-768x512.jpg 768w, https:\/\/www.municipios.gov.py\/cambyreta\/wp-content\/uploads\/sites\/219\/2023\/07\/362253466_223870023956171_4759539207818128255_n.jpg 1280w\" sizes=\"auto, (max-width: 300px) 100vw, 300px\" \/><\/div>\n<\/div>\n","protected":false},"excerpt":{"rendered":"<p>Con \u00e9xito culmin\u00f3 el proceso de estudio y correcci\u00f3n del estatuto que regir\u00e1 en la Asociaci\u00f3n de Municipios del \u00c1rea Metropolitana de Encarnaci\u00f3n. El Intendente Municipal Christian Matoza particip\u00f3 del encuentro que tuvo como anfitri\u00f3n al Intendente Municipal de Carmen del Paran\u00e1, Germ\u00e1n Gneiting. Igualmente, tras una reuni\u00f3n entre los intendentes municipales, fue conformada &#8230; <\/p>\n<p class=\"read-more-container\"><a title=\"Eligen a la Comisi\u00f3n Directiva de la Asociaci\u00f3n de Municipios del \u00c1rea Metropolitana de Encarnaci\u00f3n\" class=\"read-more button\" href=\"https:\/\/www.municipios.gov.py\/cambyreta\/2023\/07\/24\/eligen-a-la-comision-directiva-de-la-asociacion-de-municipios-del-area-metropolitana-de-encarnacion\/#more-1194\" aria-label=\"Leer m\u00e1s sobre Eligen a la Comisi\u00f3n Directiva de la Asociaci\u00f3n de Municipios del \u00c1rea Metropolitana de Encarnaci\u00f3n\">Leer M\u00e1s&#8230;<\/a><\/p>\n","protected":false},"author":237,"featured_media":1197,"comment_status":"closed","ping_status":"closed","sticky":false,"template":"","format":"standard","meta":{"jetpack_post_was_ever_published":false,"footnotes":""},"categories":[1],"tags":[],"class_list":["post-1194","post","type-post","status-publish","format-standard","has-post-thumbnail","hentry","category-sin-categoria","resize-featured-image"],"jetpack_featured_media_url":"https:\/\/www.municipios.gov.py\/cambyreta\/wp-content\/uploads\/sites\/219\/2023\/07\/362253466_223870023956171_4759539207818128255_n.jpg","jetpack_sharing_enabled":true,"jetpack_shortlink":"https:\/\/wp.me\/p7H3N6-jg","_links":{"self":[{"href":"https:\/\/www.municipios.gov.py\/cambyreta\/wp-json\/wp\/v2\/posts\/1194","targetHints":{"allow":["GET"]}}],"collection":[{"href":"https:\/\/www.municipios.gov.py\/cambyreta\/wp-json\/wp\/v2\/posts"}],"about":[{"href":"https:\/\/www.municipios.gov.py\/cambyreta\/wp-json\/wp\/v2\/types\/post"}],"author":[{"embeddable":true,"href":"https:\/\/www.municipios.gov.py\/cambyreta\/wp-json\/wp\/v2\/users\/237"}],"replies":[{"embeddable":true,"href":"https:\/\/www.municipios.gov.py\/cambyreta\/wp-json\/wp\/v2\/comments?post=1194"}],"version-history":[{"count":1,"href":"https:\/\/www.municipios.gov.py\/cambyreta\/wp-json\/wp\/v2\/posts\/1194\/revisions"}],"predecessor-version":[{"id":1198,"href":"https:\/\/www.municipios.gov.py\/cambyreta\/wp-json\/wp\/v2\/posts\/1194\/revisions\/1198"}],"wp:featuredmedia":[{"embeddable":true,"href":"https:\/\/www.municipios.gov.py\/cambyreta\/wp-json\/wp\/v2\/media\/1197"}],"wp:attachment":[{"href":"https:\/\/www.municipios.gov.py\/cambyreta\/wp-json\/wp\/v2\/media?parent=1194"}],"wp:term":[{"taxonomy":"category","embeddable":true,"href":"https:\/\/www.municipios.gov.py\/cambyreta\/wp-json\/wp\/v2\/categories?post=1194"},{"taxonomy":"post_tag","embeddable":true,"href":"https:\/\/www.municipios.gov.py\/cambyreta\/wp-json\/wp\/v2\/tags?post=1194"}],"curies":[{"name":"wp","href":"https:\/\/api.w.org\/{rel}","templated":true}]}}